{"id":3812,"date":"2021-08-16T16:42:12","date_gmt":"2021-08-16T14:42:12","guid":{"rendered":"https:\/\/www.theaterboerse.de\/magazin\/?p=3812"},"modified":"2021-08-16T16:42:12","modified_gmt":"2021-08-16T14:42:12","slug":"karla-im-koma-jugendcafe-theatergruppe-brilliert-mit-eigenem-theaterstueck","status":"publish","type":"post","link":"https:\/\/www.theaterboerse.de\/magazin\/karla-im-koma-jugendcafe-theatergruppe-brilliert-mit-eigenem-theaterstueck\/","title":{"rendered":"Karla im Koma: Jugendcaf\u00e9-Theatergruppe brilliert mit eigenem Theaterst\u00fcck"},"content":{"rendered":"<p>Da flossen beim Publikum tats\u00e4chlich einige Tr\u00e4nen w\u00e4hrend der beiden Open air-Theatervorstellungen. Kein Wunder, geht es doch in dem \u00a0von der Jugendcaf\u00e9-Theatergruppe selbst entwickelten St\u00fcck um die 16j\u00e4hrige Karla, die beschlie\u00dft, ihrem Leben ein Ende zu setzen. Das ehemals fr\u00f6hliche M\u00e4dchen hat einige Schicksalsschl\u00e4ge erleben m\u00fcssen: Erst trennen sich ihre Eltern, dann gleitet ihre Mutter in die Alkoholsucht hinein, wegen finanzieller N\u00f6te muss die Familie in eine winzige Wohnung umziehen, \u00a0dann wird auch noch Karlas geliebtes Pferd gepf\u00e4ndet, und auch in der Liebe wird Karla sehr entt\u00e4uscht. Als dann auch noch ihre Oma, die ihre gr\u00f6\u00dfte und auch einzige St\u00fctze ist, stirbt, wei\u00df Karla keinen anderen Ausweg als mit einer \u00dcberdosis Tabletten und Alkohol\u00a0 aus dem Leben zu scheiden. Bewusstlos wird sie ins Krankenhaus eingeliefert, wo \u00c4rztinnen um ihr Leben k\u00e4mpfen.<br \/>\nWas sich hochdramatisch anh\u00f6rt, ist aber in weiten Teilen des Theaterst\u00fcckes durchaus humorvoll und unterhaltsam gestaltet. Tia Garg in der Rolle der Karla gelang es dabei , eine breite Palette an Gef\u00fchlen absolut glaubhaft darzustellen. Auch die \u00fcbrigen jugendlichen Darsteller\/innen Helena W\u00e4chter, Theo Molinari, Milena Sauerbrei, Kai Wilken und Maya Grund \u00fcberzeugten allesamt mit ihrem erfrischenden und lebendigen Spiel. So hatte Marlis Breckner als Souffleuse bei beiden Vorstellungen (Nachmittagspremiere und Abendvorstellung) nicht viel zu tun.<br \/>\nHoch zufrieden zeigten sich Andelina Hugler und Volker Zill vom Jugendcaf\u00e9-Team, die das Theaterprojekt geleitet haben. \u201eDie Jugendlichen haben ein Theaterst\u00fcck mit sehr wichtigen Themen und pr\u00e4gnanten Figuren selbst entwickelt und heute mit einer tollen Leistung vor Publikum dargeboten. Das ist einfach gro\u00dfartig!\u201c schw\u00e4rmt Zill und seine Kollegin weist darauf hin, mit welch gro\u00dfem Engagement und Ausdauer die sieben Jugendlichen die letzten &#8211; alles andere als leichten &#8211; zehn Monate vom Beginn des Projekts bis zur Premiere bew\u00e4ltigt haben. \u201eDie Jugendlichen sind nicht nur auf, sondern auch neben der B\u00fchne eine richtig tolle Truppe geworden, bei der sich alle aufeinander verlassen konnten. Da sind richtig gute Freundschaften entstanden\u201c so die Sozialarbeiterin.<br \/>\nAm Ende gab\u2019s vom begeisterten Publikum auf der improvisierten Freilichtb\u00fchne im Wilhelmspark neben\u00a0 st\u00fcrmischem Applaus auch noch einen ordentlichen Betrag in den aufgestellten Spendenhut. Was die Theatergruppe mit dem Erl\u00f6s anfangen will, ist noch offen. Das wollten die Jungschauspieler dann w\u00e4hrend ihrer kleinen Premierenfeier im Jugendcaf\u00e9 in Ruhe miteinander besprechen.<\/p>\n<p>&nbsp;<\/p>\n<p><img loading=\"lazy\" decoding=\"async\" data-attachment-id=\"3814\" data-permalink=\"https:\/\/www.theaterboerse.de\/magazin\/karla-im-koma-jugendcafe-theatergruppe-brilliert-mit-eigenem-theaterstueck\/theo-molinari-tia-garg-und-helena-waechter-in-karla-im-koma\/\" data-orig-file=\"https:\/\/www.theaterboerse.de\/magazin\/wp-content\/uploads\/2021\/08\/Theo-Molinari-Tia-Garg-und-Helena-W\u00e4chter-in-karla-im-Koma-e1629123979435.jpg\" data-orig-size=\"640,360\" data-comments-opened=\"0\" data-image-meta=\"{&quot;aperture&quot;:&quot;0&quot;,&quot;credit&quot;:&quot;&quot;,&quot;camera&quot;:&quot;&quot;,&quot;caption&quot;:&quot;&quot;,&quot;created_timestamp&quot;:&quot;0&quot;,&quot;copyright&quot;:&quot;&quot;,&quot;focal_length&quot;:&quot;0&quot;,&quot;iso&quot;:&quot;0&quot;,&quot;shutter_speed&quot;:&quot;0&quot;,&quot;title&quot;:&quot;&quot;,&quot;orientation&quot;:&quot;0&quot;}\" data-image-title=\"Theo Molinari Tia Garg und Helena W\u00e4chter in karla im Koma\" data-image-description=\"\" data-image-caption=\"\" data-medium-file=\"https:\/\/www.theaterboerse.de\/magazin\/wp-content\/uploads\/2021\/08\/Theo-Molinari-Tia-Garg-und-Helena-W\u00e4chter-in-karla-im-Koma-300x169.jpg\" data-large-file=\"https:\/\/www.theaterboerse.de\/magazin\/wp-content\/uploads\/2021\/08\/Theo-Molinari-Tia-Garg-und-Helena-W\u00e4chter-in-karla-im-Koma-1024x576.jpg\" class=\"aligncenter size-medium wp-image-3814\" src=\"https:\/\/www.theaterboerse.de\/magazin\/wp-content\/uploads\/2021\/08\/Theo-Molinari-Tia-Garg-und-Helena-W\u00e4chter-in-karla-im-Koma-300x169.jpg\" alt=\"\" width=\"300\" height=\"169\" \/><\/p>\n<p>&nbsp;<\/p>\n<p>Hier gibt es weitere Informationen und eine Leseprobe zum Theaterst\u00fcck:\u00a0<a href=\"https:\/\/www.theaterboerse.de\/verlag\/theaterstuecke\/genre-jugendstuecke-jugendthemen\/11652-karla-im-koma.html\" target=\"_blank\" rel=\"noopener\">Karla im Koma<\/a><\/p>\n<p>\u00dcbrigens: \u201eKarla im Koma\u201c gibt\u2019s bei der theaterboerse auch in einer H\u00f6rspielfassung:\u00a0<a href=\"https:\/\/www.theaterboerse.de\/verlag\/theaterstuecke\/genre-jugendstuecke-jugendthemen\/11664-karla-im-koma-ein-jugenddrama-als-hoerspiel.html\" target=\"_blank\" rel=\"noopener\">Karla im Koma &#8211; Ein Jugenddrama als H\u00f6rspiel<\/a><\/p>\n<p>&nbsp;<\/p>\n<p>&nbsp;<\/p>\n<p>&nbsp;<\/p>\n<p>&nbsp;<\/p>\n<p>#premiere #jugendtheater #endlichwiedertheater #theaterst\u00fcckf\u00fcrjugendliche #theatertext #theaterauff\u00fchrung<\/p>\n","protected":false},"excerpt":{"rendered":"<p>Da flossen beim Publikum tats\u00e4chlich einige Tr\u00e4nen w\u00e4hrend der beiden Open air-Theatervorstellungen. Kein Wunder, geht es doch in dem \u00a0von der Jugendcaf\u00e9-Theatergruppe selbst entwickelten St\u00fcck um die 16j\u00e4hrige&#8230;<\/p>\n","protected":false},"author":2,"featured_media":3813,"comment_status":"closed","ping_status":"closed","sticky":false,"template":"","format":"standard","meta":{"_jetpack_memberships_contains_paid_content":false,"footnotes":"","jetpack_publicize_message":"","jetpack_publicize_feature_enabled":true,"jetpack_social_post_already_shared":true,"jetpack_social_options":{"image_generator_settings":{"template":"highway","default_image_id":0,"font":"","enabled":false},"version":2}},"categories":[126],"tags":[11,40,191,36,21,66,189,16],"class_list":["post-3812","post","type-post","status-publish","format-standard","has-post-thumbnail","hentry","category-premiere","tag-auffuhrungsberichte","tag-darstellendes-spiel","tag-jugenddrama","tag-jugendliche","tag-jugendtheater","tag-jugendthemen","tag-premiere","tag-theatergruppe"],"jetpack_publicize_connections":[],"jetpack_featured_media_url":"https:\/\/www.theaterboerse.de\/magazin\/wp-content\/uploads\/2021\/08\/Kai-Wilke-und-Tia-Garg-in-Karla-im-Koma-e1629123918870.jpg","jetpack_sharing_enabled":true,"_links":{"self":[{"href":"https:\/\/www.theaterboerse.de\/magazin\/wp-json\/wp\/v2\/posts\/3812","targetHints":{"allow":["GET"]}}],"collection":[{"href":"https:\/\/www.theaterboerse.de\/magazin\/wp-json\/wp\/v2\/posts"}],"about":[{"href":"https:\/\/www.theaterboerse.de\/magazin\/wp-json\/wp\/v2\/types\/post"}],"author":[{"embeddable":true,"href":"https:\/\/www.theaterboerse.de\/magazin\/wp-json\/wp\/v2\/users\/2"}],"replies":[{"embeddable":true,"href":"https:\/\/www.theaterboerse.de\/magazin\/wp-json\/wp\/v2\/comments?post=3812"}],"version-history":[{"count":4,"href":"https:\/\/www.theaterboerse.de\/magazin\/wp-json\/wp\/v2\/posts\/3812\/revisions"}],"predecessor-version":[{"id":3818,"href":"https:\/\/www.theaterboerse.de\/magazin\/wp-json\/wp\/v2\/posts\/3812\/revisions\/3818"}],"wp:featuredmedia":[{"embeddable":true,"href":"https:\/\/www.theaterboerse.de\/magazin\/wp-json\/wp\/v2\/media\/3813"}],"wp:attachment":[{"href":"https:\/\/www.theaterboerse.de\/magazin\/wp-json\/wp\/v2\/media?parent=3812"}],"wp:term":[{"taxonomy":"category","embeddable":true,"href":"https:\/\/www.theaterboerse.de\/magazin\/wp-json\/wp\/v2\/categories?post=3812"},{"taxonomy":"post_tag","embeddable":true,"href":"https:\/\/www.theaterboerse.de\/magazin\/wp-json\/wp\/v2\/tags?post=3812"}],"curies":[{"name":"wp","href":"https:\/\/api.w.org\/{rel}","templated":true}]}}